{"id":1713,"date":"2024-11-25T04:40:25","date_gmt":"2024-11-25T03:40:25","guid":{"rendered":"https:\/\/omnicultura.de\/?p=1713"},"modified":"2024-11-28T13:15:18","modified_gmt":"2024-11-28T12:15:18","slug":"landschaftsaesthetik-in-zukunftsdiskursen","status":"publish","type":"post","link":"http:\/\/omnicultura.de\/?p=1713","title":{"rendered":"Landschafts\u00e4sthetik in Zukunftsdiskursen."},"content":{"rendered":"\n<p class=\"has-text-align-center has-vivid-green-cyan-color has-text-color has-link-color wp-elements-2845d8dffa3fab594689b70cc6309526\"><strong>Er\u00f6ffnung am Donnerstag, 5. Juni 2024 um 19:00<\/strong><\/p>\n\n\n\n<p>Omnicultura e.V. l\u00e4dt Sie herzlich zu einem inspirierenden Vortrag ein. Die Er\u00f6ffnungsfeier umfasst einen Vortrag von Alex Sanders \u2013 \u201eLandschafts\u00e4sthetik in Zukunftsdiskursen.\u201c.<\/p>\n\n\n\n<p class=\"has-text-align-center has-vivid-green-cyan-color has-text-color has-link-color wp-elements-42dd2937f3cd07597fd821c0b9089358\">Wir laden Sie ein, um 19:00 Uhr zu kommen, der Eintritt ist frei.<\/p>\n\n\n\n<p class=\"has-text-align-center has-vivid-green-cyan-color has-text-color has-link-color wp-elements-1ac7d63e73c3304e456f699789d7c2af\"><strong>Nur am 5. Juni 2024<\/strong><\/p>\n\n\n\n<p class=\"has-text-align-center has-vivid-green-cyan-color has-text-color has-link-color wp-elements-59db484b3571c9baa6b168f25b40343c\">In R\u00e4umen Omnicultura e.V.<br>Potsdamer Str. 92, 10785 Berlin \u2013 findet die Veranstaltung statt.<\/p>\n\n\n\n<p class=\"has-text-align-center has-vivid-green-cyan-color has-text-color has-link-color wp-elements-dbefe5b921536087945e983b8ab1ccbb\">Eintritt ist frei.<\/p>\n\n\n\n<p><\/p>\n\n\n\n<p>Greift der Mensch als einziges Lebewesen systemver\u00e4ndernd in die Natur ein und gestaltet so sukzessive in immer gr\u00f6\u00dferen Teilen der Erde Naturlandschaften in Kulturlandschaften um.<br>Kaum ein Flecken auf der Erde existiert noch, der nicht aktiv von Menschen ver\u00e4ndert wurde. Die Eingriffe sind zum Teil tiefgreifend und ver\u00e4ndern die Natur nachhaltig. Leben hinterl\u00e4sst dort, wo es entsteht und sich entfaltet, Spuren und modifiziert die Natur.<br>Energiegewinnung ver\u00e4ndert Landschaft. Die erneuerbaren Energien bringen keine grundlegend neuen Landschaften hervor, ver\u00e4ndern aber deutlich ihre Bilder und Bedeutungen.<br>Landschafts\u00e4sthetik wird zum Kampfbegriff in Zukunftsdiskursen.<\/p>\n\n\n\n<figure class=\"wp-block-image size-large\"><a href=\"http:\/\/omnicultura.de\/wp-content\/uploads\/2024\/11\/ee921c00ab0a11efaa422e593ba1861b_1.jpg\"><img loading=\"lazy\" decoding=\"async\" width=\"1024\" height=\"585\" src=\"http:\/\/omnicultura.de\/wp-content\/uploads\/2024\/11\/ee921c00ab0a11efaa422e593ba1861b_1-1024x585.jpg\" alt=\"\" class=\"wp-image-1765\" srcset=\"http:\/\/omnicultura.de\/wp-content\/uploads\/2024\/11\/ee921c00ab0a11efaa422e593ba1861b_1-1024x585.jpg 1024w, http:\/\/omnicultura.de\/wp-content\/uploads\/2024\/11\/ee921c00ab0a11efaa422e593ba1861b_1-300x171.jpg 300w, http:\/\/omnicultura.de\/wp-content\/uploads\/2024\/11\/ee921c00ab0a11efaa422e593ba1861b_1-768x439.jpg 768w, http:\/\/omnicultura.de\/wp-content\/uploads\/2024\/11\/ee921c00ab0a11efaa422e593ba1861b_1-624x357.jpg 624w, http:\/\/omnicultura.de\/wp-content\/uploads\/2024\/11\/ee921c00ab0a11efaa422e593ba1861b_1.jpg 1344w\" sizes=\"auto, (max-width: 1024px) 100vw, 1024px\" \/><\/a><\/figure>\n\n\n\n<p><strong>Rechtlicher Hinweis:<\/strong><br>Die in dieser Veranstaltung verwendeten Bilder und Grafiken stammen aus unterschiedlichen Quellen:<\/p>\n\n\n\n<ol start=\"1\" class=\"wp-block-list\">\n<li><strong>Materialien zur anschaulichen und informativen Darstellung:<\/strong><br>Ein Teil der gezeigten Werke dient ausschlie\u00dflich der Vermittlung kultureller und historischer Inhalte. Alle Rechte verbleiben bei den jeweiligen Urheber<em>innen. Die Nutzung erfolgt ohne kommerzielle Absichten gem\u00e4\u00df \u00a7 51 UrhG (Zitate) und \u00a7 50 UrhG (Berichterstattung \u00fcber Tagesereignisse). Sollten Urheber<\/em>innen Einw\u00e4nde gegen die Verwendung ihres Materials haben, bitten wir um eine Mitteilung, damit das betreffende Material entfernt oder angepasst werden kann.<\/li>\n\n\n\n<li><strong>Bereitgestellte Materialien:<\/strong><br>Ein weiterer Teil der gezeigten Werke wurde von den jeweiligen Urheber<em>innen oder Rechteinhaber<\/em>innen mit ausdr\u00fccklicher Genehmigung f\u00fcr die Veranstaltung zur Verf\u00fcgung gestellt. Omnicultura e.V. und der\/die Vortragende danken den Urheber*innen f\u00fcr ihre Unterst\u00fctzung.<\/li>\n\n\n\n<li><strong>Eigenproduktionen:<\/strong><br>Einige Bilder, Grafiken und Fotografien wurden von den st\u00e4ndigen Autor*innen und Mitwirkenden von Omnicultura e.V. erstellt und sind ab dem Zeitpunkt ihrer Ver\u00f6ffentlichung urheberrechtlich gesch\u00fctzt (\u00a7 7 UrhG).<\/li>\n<\/ol>\n\n\n\n<p><\/p>\n\n\n\n\n\n<p><\/p>\n","protected":false},"excerpt":{"rendered":"<p>Er\u00f6ffnung am Donnerstag, 5. Juni 2024 um 19:00 Omnicultura e.V. l\u00e4dt Sie herzlich zu einem inspirierenden Vortrag ein. Die Er\u00f6ffnungsfeier umfasst einen Vortrag von Alex Sanders \u2013 \u201eLandschafts\u00e4sthetik in Zukunftsdiskursen.\u201c. Wir laden Sie ein, um 19:00 Uhr zu kommen, der Eintritt ist frei. Nur am 5. Juni 2024 In R\u00e4umen Omnicultura e.V.Potsdamer Str. 92, 10785 [&hellip;]<\/p>\n","protected":false},"author":1,"featured_media":0,"comment_status":"open","ping_status":"open","sticky":false,"template":"","format":"standard","meta":{"footnotes":"[]"},"categories":[1],"tags":[],"class_list":["post-1713","post","type-post","status-publish","format-standard","hentry","category-uncategorized"],"_links":{"self":[{"href":"http:\/\/omnicultura.de\/index.php?rest_route=\/wp\/v2\/posts\/1713","targetHints":{"allow":["GET"]}}],"collection":[{"href":"http:\/\/omnicultura.de\/index.php?rest_route=\/wp\/v2\/posts"}],"about":[{"href":"http:\/\/omnicultura.de\/index.php?rest_route=\/wp\/v2\/types\/post"}],"author":[{"embeddable":true,"href":"http:\/\/omnicultura.de\/index.php?rest_route=\/wp\/v2\/users\/1"}],"replies":[{"embeddable":true,"href":"http:\/\/omnicultura.de\/index.php?rest_route=%2Fwp%2Fv2%2Fcomments&post=1713"}],"version-history":[{"count":12,"href":"http:\/\/omnicultura.de\/index.php?rest_route=\/wp\/v2\/posts\/1713\/revisions"}],"predecessor-version":[{"id":1919,"href":"http:\/\/omnicultura.de\/index.php?rest_route=\/wp\/v2\/posts\/1713\/revisions\/1919"}],"wp:attachment":[{"href":"http:\/\/omnicultura.de\/index.php?rest_route=%2Fwp%2Fv2%2Fmedia&parent=1713"}],"wp:term":[{"taxonomy":"category","embeddable":true,"href":"http:\/\/omnicultura.de\/index.php?rest_route=%2Fwp%2Fv2%2Fcategories&post=1713"},{"taxonomy":"post_tag","embeddable":true,"href":"http:\/\/omnicultura.de\/index.php?rest_route=%2Fwp%2Fv2%2Ftags&post=1713"}],"curies":[{"name":"wp","href":"https:\/\/api.w.org\/{rel}","templated":true}]}}