{"id":1141,"date":"2019-06-17T21:30:00","date_gmt":"2019-06-17T19:30:00","guid":{"rendered":"https:\/\/omnicultura.de\/?p=1141"},"modified":"2024-11-01T16:35:59","modified_gmt":"2024-11-01T15:35:59","slug":"6-juli-2019-katya-lomonosova-samara-ausstellung-schaufenster-meiner-seele","status":"publish","type":"post","link":"https:\/\/omnicultura.de\/?p=1141","title":{"rendered":"6 Juli 2019 \u2022 Katya Lomonosova \u2022 Samara \u2022 Ausstellung \u2022Schaufenster meiner Seele\u2022"},"content":{"rendered":"\n<p class=\"has-text-align-center has-vivid-red-color has-text-color\">Ab 6 Juli 2019 bis 3 August 2019 in R\u00e4umen Omnicultura e.V.<\/p>\n\n\n\n<p class=\"has-text-align-center has-vivid-red-color has-text-color\">Potsdamer Str. 92 in Berlin findet die Ausstellung statt.<\/p>\n\n\n\n<p class=\"has-text-align-center has-vivid-red-color has-text-color\">\u00d6ffnungszeiten t\u00e4glich 12.00 \u2013 20.00<\/p>\n\n\n\n<figure class=\"wp-block-gallery aligncenter has-nested-images columns-default is-cropped wp-block-gallery-1 is-layout-flex wp-block-gallery-is-layout-flex\">\n<figure class=\"wp-block-image size-large\"><a href=\"https:\/\/omnicultura.de\/wp-content\/uploads\/2024\/11\/IMG-20220217-WA0010.jpg\"><img loading=\"lazy\" decoding=\"async\" width=\"768\" height=\"1024\" data-id=\"1592\" src=\"https:\/\/omnicultura.de\/wp-content\/uploads\/2024\/11\/IMG-20220217-WA0010.jpg\" alt=\"\" class=\"wp-image-1592\" srcset=\"https:\/\/omnicultura.de\/wp-content\/uploads\/2024\/11\/IMG-20220217-WA0010.jpg 768w, https:\/\/omnicultura.de\/wp-content\/uploads\/2024\/11\/IMG-20220217-WA0010-225x300.jpg 225w, https:\/\/omnicultura.de\/wp-content\/uploads\/2024\/11\/IMG-20220217-WA0010-624x832.jpg 624w\" sizes=\"auto, (max-width: 768px) 100vw, 768px\" \/><\/a><\/figure>\n\n\n\n<figure class=\"wp-block-image size-large\"><a href=\"https:\/\/omnicultura.de\/wp-content\/uploads\/2024\/11\/IMG-20220217-WA0000.jpg\"><img loading=\"lazy\" decoding=\"async\" width=\"1024\" height=\"768\" data-id=\"1593\" src=\"https:\/\/omnicultura.de\/wp-content\/uploads\/2024\/11\/IMG-20220217-WA0000.jpg\" alt=\"\" class=\"wp-image-1593\" srcset=\"https:\/\/omnicultura.de\/wp-content\/uploads\/2024\/11\/IMG-20220217-WA0000.jpg 1024w, https:\/\/omnicultura.de\/wp-content\/uploads\/2024\/11\/IMG-20220217-WA0000-300x225.jpg 300w, https:\/\/omnicultura.de\/wp-content\/uploads\/2024\/11\/IMG-20220217-WA0000-768x576.jpg 768w, https:\/\/omnicultura.de\/wp-content\/uploads\/2024\/11\/IMG-20220217-WA0000-624x468.jpg 624w\" sizes=\"auto, (max-width: 1024px) 100vw, 1024px\" \/><\/a><\/figure>\n\n\n\n<figure class=\"wp-block-image size-large\"><a href=\"https:\/\/omnicultura.de\/wp-content\/uploads\/2024\/11\/IMG-20220217-WA0001.jpg\"><img loading=\"lazy\" decoding=\"async\" width=\"768\" height=\"1024\" data-id=\"1596\" src=\"https:\/\/omnicultura.de\/wp-content\/uploads\/2024\/11\/IMG-20220217-WA0001.jpg\" alt=\"\" class=\"wp-image-1596\" srcset=\"https:\/\/omnicultura.de\/wp-content\/uploads\/2024\/11\/IMG-20220217-WA0001.jpg 768w, https:\/\/omnicultura.de\/wp-content\/uploads\/2024\/11\/IMG-20220217-WA0001-225x300.jpg 225w, https:\/\/omnicultura.de\/wp-content\/uploads\/2024\/11\/IMG-20220217-WA0001-624x832.jpg 624w\" sizes=\"auto, (max-width: 768px) 100vw, 768px\" \/><\/a><\/figure>\n\n\n\n<figure class=\"wp-block-image size-large\"><a href=\"https:\/\/omnicultura.de\/wp-content\/uploads\/2024\/11\/IMG-20220217-WA0009.jpg\"><img loading=\"lazy\" decoding=\"async\" width=\"768\" height=\"1024\" data-id=\"1597\" src=\"https:\/\/omnicultura.de\/wp-content\/uploads\/2024\/11\/IMG-20220217-WA0009.jpg\" alt=\"\" class=\"wp-image-1597\" srcset=\"https:\/\/omnicultura.de\/wp-content\/uploads\/2024\/11\/IMG-20220217-WA0009.jpg 768w, https:\/\/omnicultura.de\/wp-content\/uploads\/2024\/11\/IMG-20220217-WA0009-225x300.jpg 225w, https:\/\/omnicultura.de\/wp-content\/uploads\/2024\/11\/IMG-20220217-WA0009-624x832.jpg 624w\" sizes=\"auto, (max-width: 768px) 100vw, 768px\" \/><\/a><\/figure>\n\n\n\n<figure class=\"wp-block-image size-large\"><a href=\"https:\/\/omnicultura.de\/wp-content\/uploads\/2024\/11\/IMG-20220217-WA0011.jpg\"><img loading=\"lazy\" decoding=\"async\" width=\"768\" height=\"1024\" data-id=\"1595\" src=\"https:\/\/omnicultura.de\/wp-content\/uploads\/2024\/11\/IMG-20220217-WA0011.jpg\" alt=\"\" class=\"wp-image-1595\" srcset=\"https:\/\/omnicultura.de\/wp-content\/uploads\/2024\/11\/IMG-20220217-WA0011.jpg 768w, https:\/\/omnicultura.de\/wp-content\/uploads\/2024\/11\/IMG-20220217-WA0011-225x300.jpg 225w, https:\/\/omnicultura.de\/wp-content\/uploads\/2024\/11\/IMG-20220217-WA0011-624x832.jpg 624w\" sizes=\"auto, (max-width: 768px) 100vw, 768px\" \/><\/a><\/figure>\n\n\n\n<figure class=\"wp-block-image size-large\"><a href=\"https:\/\/omnicultura.de\/wp-content\/uploads\/2024\/11\/IMG-20220217-WA0017.jpg\"><img loading=\"lazy\" decoding=\"async\" width=\"768\" height=\"1024\" data-id=\"1598\" src=\"https:\/\/omnicultura.de\/wp-content\/uploads\/2024\/11\/IMG-20220217-WA0017.jpg\" alt=\"\" class=\"wp-image-1598\" srcset=\"https:\/\/omnicultura.de\/wp-content\/uploads\/2024\/11\/IMG-20220217-WA0017.jpg 768w, https:\/\/omnicultura.de\/wp-content\/uploads\/2024\/11\/IMG-20220217-WA0017-225x300.jpg 225w, https:\/\/omnicultura.de\/wp-content\/uploads\/2024\/11\/IMG-20220217-WA0017-624x832.jpg 624w\" sizes=\"auto, (max-width: 768px) 100vw, 768px\" \/><\/a><\/figure>\n\n\n\n<figure class=\"wp-block-image size-large\"><a href=\"https:\/\/omnicultura.de\/wp-content\/uploads\/2024\/11\/IMG-20220217-WA0024.jpg\"><img loading=\"lazy\" decoding=\"async\" width=\"768\" height=\"1024\" data-id=\"1594\" src=\"https:\/\/omnicultura.de\/wp-content\/uploads\/2024\/11\/IMG-20220217-WA0024.jpg\" alt=\"\" class=\"wp-image-1594\" srcset=\"https:\/\/omnicultura.de\/wp-content\/uploads\/2024\/11\/IMG-20220217-WA0024.jpg 768w, https:\/\/omnicultura.de\/wp-content\/uploads\/2024\/11\/IMG-20220217-WA0024-225x300.jpg 225w, https:\/\/omnicultura.de\/wp-content\/uploads\/2024\/11\/IMG-20220217-WA0024-624x832.jpg 624w\" sizes=\"auto, (max-width: 768px) 100vw, 768px\" \/><\/a><\/figure>\n<\/figure>\n","protected":false},"excerpt":{"rendered":"<p>Ab 6 Juli 2019 bis 3 August 2019 in R\u00e4umen Omnicultura e.V. Potsdamer Str. 92 in Berlin findet die Ausstellung statt. \u00d6ffnungszeiten t\u00e4glich 12.00 \u2013 20.00<\/p>\n","protected":false},"author":1,"featured_media":0,"comment_status":"open","ping_status":"open","sticky":false,"template":"","format":"standard","meta":{"footnotes":""},"categories":[1],"tags":[],"class_list":["post-1141","post","type-post","status-publish","format-standard","hentry","category-uncategorized"],"_links":{"self":[{"href":"https:\/\/omnicultura.de\/index.php?rest_route=\/wp\/v2\/posts\/1141","targetHints":{"allow":["GET"]}}],"collection":[{"href":"https:\/\/omnicultura.de\/index.php?rest_route=\/wp\/v2\/posts"}],"about":[{"href":"https:\/\/omnicultura.de\/index.php?rest_route=\/wp\/v2\/types\/post"}],"author":[{"embeddable":true,"href":"https:\/\/omnicultura.de\/index.php?rest_route=\/wp\/v2\/users\/1"}],"replies":[{"embeddable":true,"href":"https:\/\/omnicultura.de\/index.php?rest_route=%2Fwp%2Fv2%2Fcomments&post=1141"}],"version-history":[{"count":3,"href":"https:\/\/omnicultura.de\/index.php?rest_route=\/wp\/v2\/posts\/1141\/revisions"}],"predecessor-version":[{"id":1599,"href":"https:\/\/omnicultura.de\/index.php?rest_route=\/wp\/v2\/posts\/1141\/revisions\/1599"}],"wp:attachment":[{"href":"https:\/\/omnicultura.de\/index.php?rest_route=%2Fwp%2Fv2%2Fmedia&parent=1141"}],"wp:term":[{"taxonomy":"category","embeddable":true,"href":"https:\/\/omnicultura.de\/index.php?rest_route=%2Fwp%2Fv2%2Fcategories&post=1141"},{"taxonomy":"post_tag","embeddable":true,"href":"https:\/\/omnicultura.de\/index.php?rest_route=%2Fwp%2Fv2%2Ftags&post=1141"}],"curies":[{"name":"wp","href":"https:\/\/api.w.org\/{rel}","templated":true}]}}