{"id":1694,"date":"2024-11-25T04:19:06","date_gmt":"2024-11-25T03:19:06","guid":{"rendered":"https:\/\/omnicultura.de\/?p=1694"},"modified":"2024-11-25T18:43:58","modified_gmt":"2024-11-25T17:43:58","slug":"technologie-und-kunst-im-21-jahrhundert","status":"publish","type":"post","link":"https:\/\/omnicultura.de\/?p=1694","title":{"rendered":"Technologie und Kunst im 21. Jahrhundert"},"content":{"rendered":"\n<p class=\"has-text-align-center has-vivid-red-color has-text-color has-link-color wp-elements-d84d788bbaa00600aa64147add900417\"><strong>Er\u00f6ffnung am Samstag, 15. September 2022 um 19:00<\/strong><\/p>\n\n\n\n<p>Entdecken Sie futuristische Kunstwerke, die Technologie und Kreativit\u00e4t vereinen. Die Er\u00f6ffnungsfeier umfasst einen Vortrag von Alex Sanders \u2013 \u201eTechnologie und Kunst im 21. Jahrhundert\u201c. <\/p>\n\n\n\n<p class=\"has-text-align-center has-vivid-red-color has-text-color has-link-color wp-elements-00175e0ab776c1676d4bf50c83cca8bb\">Wir laden Sie ein, um 19:00 Uhr zu kommen, der Eintritt ist frei.<\/p>\n\n\n\n<p class=\"has-text-align-center has-vivid-red-color has-text-color has-link-color wp-elements-a51b698df52b756a7ea3e61bece15220\">***<\/p>\n\n\n\n<p class=\"has-text-align-center has-vivid-red-color has-text-color has-link-color wp-elements-6722a0614112a0e53a1b446f93d64b5b\"><strong>Ab 15. September 2022 bis 22. September 2022<\/strong><\/p>\n\n\n\n<p class=\"has-text-align-center has-vivid-red-color has-text-color has-link-color wp-elements-0e76fa46477f061099f086fd917f3e4c\">In R\u00e4umen Omnicultura e.V.<br>Potsdamer Str. 92, 10785 Berlin \u2013 findet die Kunstausstellung statt.<\/p>\n\n\n\n<p class=\"has-text-align-center has-vivid-red-color has-text-color has-link-color wp-elements-dea716ab5bd977738a51015894fa518d\"><strong>\u00d6ffnungszeiten t\u00e4glich 12.00 \u2013 20.00<\/strong><\/p>\n\n\n\n<p class=\"has-text-align-center has-vivid-red-color has-text-color has-link-color wp-elements-73aab431956e7e7ba3fe9fa23bf9ae56\">Eintritt ist frei.<\/p>\n\n\n\n<p>Im 21. Jahrhundert verschmelzen Kunst und Technologie zu neuen Formen der Kreativit\u00e4t. Die Integration von k\u00fcnstlicher Intelligenz er\u00f6ffnet ungeahnte M\u00f6glichkeiten f\u00fcr k\u00fcnstlerische Prozesse, von generativer Kunst bis hin zu personalisierten Installationen. Virtuelle Realit\u00e4t schafft immersive Kunstwelten, die die Grenzen traditioneller Medien \u00fcberschreiten. Auch der \u00f6ffentliche Raum wird durch digitale Skulpturen und interaktive Lichtinstallationen neu interpretiert. NFTs und Blockchain haben den Kunstmarkt revolutioniert, indem sie neue M\u00f6glichkeiten zur Verbreitung und Monetarisierung von Kunstwerken bieten, wobei gleichzeitig Nachhaltigkeitsfragen diskutiert werden. Diese Ausstellung bietet einen Einblick in diese Entwicklungen und l\u00e4dt dazu ein, Kunst als technologische Vision zu erleben.<\/p>\n\n\n\n<p><\/p>\n\n\n\n<figure class=\"wp-block-gallery has-nested-images columns-default is-cropped wp-block-gallery-1 is-layout-flex wp-block-gallery-is-layout-flex\">\n<figure class=\"wp-block-image size-large\"><a href=\"http:\/\/omnicultura.de\/wp-content\/uploads\/2024\/11\/26fab1b1ab0611ef916b2ec004ef4c50_1.jpg\"><img loading=\"lazy\" decoding=\"async\" width=\"1024\" height=\"585\" data-id=\"1761\" src=\"http:\/\/omnicultura.de\/wp-content\/uploads\/2024\/11\/26fab1b1ab0611ef916b2ec004ef4c50_1-1024x585.jpg\" alt=\"\" class=\"wp-image-1761\" srcset=\"https:\/\/omnicultura.de\/wp-content\/uploads\/2024\/11\/26fab1b1ab0611ef916b2ec004ef4c50_1-1024x585.jpg 1024w, https:\/\/omnicultura.de\/wp-content\/uploads\/2024\/11\/26fab1b1ab0611ef916b2ec004ef4c50_1-300x171.jpg 300w, https:\/\/omnicultura.de\/wp-content\/uploads\/2024\/11\/26fab1b1ab0611ef916b2ec004ef4c50_1-768x439.jpg 768w, https:\/\/omnicultura.de\/wp-content\/uploads\/2024\/11\/26fab1b1ab0611ef916b2ec004ef4c50_1-624x357.jpg 624w, https:\/\/omnicultura.de\/wp-content\/uploads\/2024\/11\/26fab1b1ab0611ef916b2ec004ef4c50_1.jpg 1344w\" sizes=\"auto, (max-width: 1024px) 100vw, 1024px\" \/><\/a><\/figure>\n<\/figure>\n\n\n<div class=\"wp-block-image\">\n<figure class=\"aligncenter size-large\"><a href=\"http:\/\/omnicultura.de\/wp-content\/uploads\/2024\/11\/afedfd15ab0611ef8d0002c9973dffc4_1.jpg\"><img loading=\"lazy\" decoding=\"async\" width=\"1024\" height=\"585\" src=\"http:\/\/omnicultura.de\/wp-content\/uploads\/2024\/11\/afedfd15ab0611ef8d0002c9973dffc4_1-1024x585.jpg\" alt=\"\" class=\"wp-image-1763\" srcset=\"https:\/\/omnicultura.de\/wp-content\/uploads\/2024\/11\/afedfd15ab0611ef8d0002c9973dffc4_1-1024x585.jpg 1024w, https:\/\/omnicultura.de\/wp-content\/uploads\/2024\/11\/afedfd15ab0611ef8d0002c9973dffc4_1-300x171.jpg 300w, https:\/\/omnicultura.de\/wp-content\/uploads\/2024\/11\/afedfd15ab0611ef8d0002c9973dffc4_1-768x439.jpg 768w, https:\/\/omnicultura.de\/wp-content\/uploads\/2024\/11\/afedfd15ab0611ef8d0002c9973dffc4_1-624x357.jpg 624w, https:\/\/omnicultura.de\/wp-content\/uploads\/2024\/11\/afedfd15ab0611ef8d0002c9973dffc4_1.jpg 1344w\" sizes=\"auto, (max-width: 1024px) 100vw, 1024px\" \/><\/a><\/figure><\/div>\n\n\n<p><strong>Rechtlicher Hinweis:<\/strong><br>Die in dieser Veranstaltung verwendeten Bilder und Grafiken stammen aus unterschiedlichen Quellen:<\/p>\n\n\n\n<ol start=\"1\" class=\"wp-block-list\">\n<li><strong>Materialien zur anschaulichen und informativen Darstellung:<\/strong><br>Ein Teil der gezeigten Werke dient ausschlie\u00dflich der Vermittlung kultureller und historischer Inhalte. Alle Rechte verbleiben bei den jeweiligen Urheber<em>innen. Die Nutzung erfolgt ohne kommerzielle Absichten gem\u00e4\u00df \u00a7 51 UrhG (Zitate) und \u00a7 50 UrhG (Berichterstattung \u00fcber Tagesereignisse). Sollten Urheber<\/em>innen Einw\u00e4nde gegen die Verwendung ihres Materials haben, bitten wir um eine Mitteilung, damit das betreffende Material entfernt oder angepasst werden kann.<\/li>\n\n\n\n<li><strong>Bereitgestellte Materialien:<\/strong><br>Ein weiterer Teil der gezeigten Werke wurde von den jeweiligen Urheber<em>innen oder Rechteinhaber<\/em>innen mit ausdr\u00fccklicher Genehmigung f\u00fcr die Veranstaltung zur Verf\u00fcgung gestellt. Omnicultura e.V. und der\/die Vortragende danken den Urheber*innen f\u00fcr ihre Unterst\u00fctzung.<\/li>\n\n\n\n<li><strong>Eigenproduktionen:<\/strong><br>Einige Bilder, Grafiken und Fotografien wurden von den st\u00e4ndigen Autor*innen und Mitwirkenden von Omnicultura e.V. erstellt und sind ab dem Zeitpunkt ihrer Ver\u00f6ffentlichung urheberrechtlich gesch\u00fctzt (\u00a7 7 UrhG).<\/li>\n<\/ol>\n\n\n\n<p><\/p>\n","protected":false},"excerpt":{"rendered":"<p>Er\u00f6ffnung am Samstag, 15. September 2022 um 19:00 Entdecken Sie futuristische Kunstwerke, die Technologie und Kreativit\u00e4t vereinen. Die Er\u00f6ffnungsfeier umfasst einen Vortrag von Alex Sanders \u2013 \u201eTechnologie und Kunst im 21. Jahrhundert\u201c. Wir laden Sie ein, um 19:00 Uhr zu kommen, der Eintritt ist frei. *** Ab 15. September 2022 bis 22. September 2022 In [&hellip;]<\/p>\n","protected":false},"author":1,"featured_media":0,"comment_status":"open","ping_status":"open","sticky":false,"template":"","format":"standard","meta":{"footnotes":""},"categories":[1],"tags":[],"class_list":["post-1694","post","type-post","status-publish","format-standard","hentry","category-uncategorized"],"_links":{"self":[{"href":"https:\/\/omnicultura.de\/index.php?rest_route=\/wp\/v2\/posts\/1694","targetHints":{"allow":["GET"]}}],"collection":[{"href":"https:\/\/omnicultura.de\/index.php?rest_route=\/wp\/v2\/posts"}],"about":[{"href":"https:\/\/omnicultura.de\/index.php?rest_route=\/wp\/v2\/types\/post"}],"author":[{"embeddable":true,"href":"https:\/\/omnicultura.de\/index.php?rest_route=\/wp\/v2\/users\/1"}],"replies":[{"embeddable":true,"href":"https:\/\/omnicultura.de\/index.php?rest_route=%2Fwp%2Fv2%2Fcomments&post=1694"}],"version-history":[{"count":5,"href":"https:\/\/omnicultura.de\/index.php?rest_route=\/wp\/v2\/posts\/1694\/revisions"}],"predecessor-version":[{"id":1875,"href":"https:\/\/omnicultura.de\/index.php?rest_route=\/wp\/v2\/posts\/1694\/revisions\/1875"}],"wp:attachment":[{"href":"https:\/\/omnicultura.de\/index.php?rest_route=%2Fwp%2Fv2%2Fmedia&parent=1694"}],"wp:term":[{"taxonomy":"category","embeddable":true,"href":"https:\/\/omnicultura.de\/index.php?rest_route=%2Fwp%2Fv2%2Fcategories&post=1694"},{"taxonomy":"post_tag","embeddable":true,"href":"https:\/\/omnicultura.de\/index.php?rest_route=%2Fwp%2Fv2%2Ftags&post=1694"}],"curies":[{"name":"wp","href":"https:\/\/api.w.org\/{rel}","templated":true}]}}